{"id":640,"date":"2022-02-10T14:01:36","date_gmt":"2022-02-10T13:01:36","guid":{"rendered":"https:\/\/www.vertical-fit.fr\/?p=640"},"modified":"2022-02-24T11:42:39","modified_gmt":"2022-02-24T10:42:39","slug":"doris-arnold-sera-a-vertical-fit-angouleme-le-dimanche-10-avril-pour-3-workshops","status":"publish","type":"post","link":"https:\/\/www.vertical-fit.fr\/en\/blog\/2022\/02\/10\/doris-arnold-sera-a-vertical-fit-angouleme-le-dimanche-10-avril-pour-3-workshops\/","title":{"rendered":"Doris Arnold sera \u00e0 Vertical Fit Angoul\u00eame le dimanche 10 avril pour 3 workshops !"},"content":{"rendered":"<p>Doris Arnold sera \u00e0 Vertical fit Angoul\u00eame le dimanche 10 avril pour 3 workshops de folie &#x1f648;&#x1f648;&#x1f648;&#x2764;&#xfe0f;&#x2764;&#xfe0f;&#x2764;&#xfe0f; :<\/p>\n\n\n\n<p>&#x2b50;&#xfe0f; <strong>de 11h30 \u00e0 13h : Acrobatic sexy heels<\/strong> (d\u00e8s le niveau inter)<br>Pr\u00e9pare tes plateformes et tes genouill\u00e8res ! Dans ce WS technique, nous apprendrons des tricks et enchainements acrobatiques ET sexy avec la pole &#x1f525;<\/p>\n\n\n\n<p>&#x2b50;&#xfe0f; <strong>de 14h \u00e0 15h30 : Pussy to the sky<\/strong> (tous niveaux)<br>Dans ce cours d\u2019\u00e9quilibres, que tu sois novice ou exp\u00e9riment\u00e9, tu d\u00e9couvriras tous les secrets de Doris pour monter et tenir tes \u00e9quis &#x2b06;&#xfe0f;&nbsp;<\/p>\n\n\n\n<p>&#x2b50;&#xfe0f; <strong>de 15h45 \u00e0 17h15 : Pole like a stripper<\/strong> (tous niveaux)<br>C\u2019est LE cours de Doris que tout le monde adore ! Dans ce WS nous apprendrons une chor\u00e9e sexy concoct\u00e9e par Doris ! Sans acrobatie mais avec des transitions et mouvements ultra sexy, on va mettre le feu au 171 rue de P\u00e9rigueux &#x1f525;&#x1f525;&#x1f525;<\/p>\n\n\n\n<p>Je ne sais pas si tu es pr\u00eate pour \u00e7a &#x1f633;&#x1f648;&#x1f648;&#x1f648;<\/p>\n\n\n\n<p><strong>Tarifs :<\/strong><\/p>\n\n\n\n<p>&#x2b50;&#xfe0f; 1 workshop : 60\u20ac<br>&#x2b50;&#xfe0f; pack 2 workshops : 110\u20ac<br>&#x2b50;&#xfe0f; pack 3 workshops : 160\u20ac<\/p>\n\n\n\n<p>&#x26a0;&#xfe0f; Places limit\u00e9es &#x26a0;&#xfe0f;<\/p>\n\n\n\n<p>&#x1f449;&#x1f3fc; Versement d\u2019un acompte de la moiti\u00e9 du ou des workshops r\u00e9serv\u00e9s obligatoire (le restant \u00e0 r\u00e9gler le jour des WS)<\/p>\n\n\n\n<p>&#x26a0;&#xfe0f; Pas d\u2019acompte = pas de r\u00e9servation &#x26a0;&#xfe0f;<\/p>\n\n\n\n<p>&#x1f449;&#x1f3fc; les r\u00e9servations sont non-annulables non-remboursables mais cessibles \u00e0 une tierce personne.<\/p>\n\n\n\n<p>Qui c\u2019est qui tr\u00e9pigne d\u2019impatience ??? &#x1f648;&#x1f648;&#x1f648;&nbsp;<\/p>\n\n\n\n<figure class=\"wp-block-image size-large is-resized\"><img loading=\"lazy\" decoding=\"async\" src=\"https:\/\/www.vertical-fit.fr\/wp-content\/uploads\/2022\/02\/doris-arnold-angouleme-1024x1024.png\" alt=\"\" class=\"wp-image-641\" width=\"484\" height=\"484\" srcset=\"https:\/\/www.vertical-fit.fr\/wp-content\/uploads\/2022\/02\/doris-arnold-angouleme-1024x1024.png 1024w, https:\/\/www.vertical-fit.fr\/wp-content\/uploads\/2022\/02\/doris-arnold-angouleme-300x300.png 300w, https:\/\/www.vertical-fit.fr\/wp-content\/uploads\/2022\/02\/doris-arnold-angouleme-150x150.png 150w, https:\/\/www.vertical-fit.fr\/wp-content\/uploads\/2022\/02\/doris-arnold-angouleme-768x768.png 768w, https:\/\/www.vertical-fit.fr\/wp-content\/uploads\/2022\/02\/doris-arnold-angouleme-12x12.png 12w, https:\/\/www.vertical-fit.fr\/wp-content\/uploads\/2022\/02\/doris-arnold-angouleme.png 1080w\" sizes=\"(max-width: 484px) 100vw, 484px\" \/><\/figure>","protected":false},"excerpt":{"rendered":"<p>Doris Arnold sera \u00e0 Vertical fit Angoul\u00eame le dimanche 10 avril pour 3 workshops de folie &#x1f648;&#x1f648;&#x1f648;&#x2764;&#xfe0f;&#x2764;&#xfe0f;&#x2764;&#xfe0f; : &#x2b50;&#xfe0f; de 11h30 \u00e0 13h : Acrobatic sexy heels (d\u00e8s le niveau inter)Pr\u00e9pare tes plateformes et tes genouill\u00e8res ! Dans ce WS technique, nous apprendrons des tricks et enchainements acrobatiques ET sexy avec la pole &#x1f525; &#x2b50;&#xfe0f; [&hellip;]<\/p>","protected":false},"author":1,"featured_media":641,"comment_status":"open","ping_status":"open","sticky":false,"template":"","format":"standard","meta":{"sfsi_plus_gutenberg_text_before_share":"","sfsi_plus_gutenberg_show_text_before_share":"","sfsi_plus_gutenberg_icon_type":"","sfsi_plus_gutenberg_icon_alignemt":"","sfsi_plus_gutenburg_max_per_row":"","_exactmetrics_skip_tracking":false,"_exactmetrics_sitenote_active":false,"_exactmetrics_sitenote_note":"","_exactmetrics_sitenote_category":0,"ocean_post_layout":"","ocean_both_sidebars_style":"","ocean_both_sidebars_content_width":0,"ocean_both_sidebars_sidebars_width":0,"ocean_sidebar":"0","ocean_second_sidebar":"0","ocean_disable_margins":"enable","ocean_add_body_class":"","ocean_shortcode_before_top_bar":"","ocean_shortcode_after_top_bar":"","ocean_shortcode_before_header":"","ocean_shortcode_after_header":"","ocean_has_shortcode":"","ocean_shortcode_after_title":"","ocean_shortcode_before_footer_widgets":"","ocean_shortcode_after_footer_widgets":"","ocean_shortcode_before_footer_bottom":"","ocean_shortcode_after_footer_bottom":"","ocean_display_top_bar":"default","ocean_display_header":"default","ocean_header_style":"","ocean_center_header_left_menu":"0","ocean_custom_header_template":"0","ocean_custom_logo":0,"ocean_custom_retina_logo":0,"ocean_custom_logo_max_width":0,"ocean_custom_logo_tablet_max_width":0,"ocean_custom_logo_mobile_max_width":0,"ocean_custom_logo_max_height":0,"ocean_custom_logo_tablet_max_height":0,"ocean_custom_logo_mobile_max_height":0,"ocean_header_custom_menu":"0","ocean_menu_typo_font_family":"0","ocean_menu_typo_font_subset":"","ocean_menu_typo_font_size":0,"ocean_menu_typo_font_size_tablet":0,"ocean_menu_typo_font_size_mobile":0,"ocean_menu_typo_font_size_unit":"px","ocean_menu_typo_font_weight":"","ocean_menu_typo_font_weight_tablet":"","ocean_menu_typo_font_weight_mobile":"","ocean_menu_typo_transform":"","ocean_menu_typo_transform_tablet":"","ocean_menu_typo_transform_mobile":"","ocean_menu_typo_line_height":0,"ocean_menu_typo_line_height_tablet":0,"ocean_menu_typo_line_height_mobile":0,"ocean_menu_typo_line_height_unit":"","ocean_menu_typo_spacing":0,"ocean_menu_typo_spacing_tablet":0,"ocean_menu_typo_spacing_mobile":0,"ocean_menu_typo_spacing_unit":"","ocean_menu_link_color":"","ocean_menu_link_color_hover":"","ocean_menu_link_color_active":"","ocean_menu_link_background":"","ocean_menu_link_hover_background":"","ocean_menu_link_active_background":"","ocean_menu_social_links_bg":"","ocean_menu_social_hover_links_bg":"","ocean_menu_social_links_color":"","ocean_menu_social_hover_links_color":"","ocean_disable_title":"default","ocean_disable_heading":"default","ocean_post_title":"","ocean_post_subheading":"","ocean_post_title_style":"","ocean_post_title_background_color":"","ocean_post_title_background":0,"ocean_post_title_bg_image_position":"","ocean_post_title_bg_image_attachment":"","ocean_post_title_bg_image_repeat":"","ocean_post_title_bg_image_size":"","ocean_post_title_height":0,"ocean_post_title_bg_overlay":0.5,"ocean_post_title_bg_overlay_color":"","ocean_disable_breadcrumbs":"default","ocean_breadcrumbs_color":"","ocean_breadcrumbs_separator_color":"","ocean_breadcrumbs_links_color":"","ocean_breadcrumbs_links_hover_color":"","ocean_display_footer_widgets":"default","ocean_display_footer_bottom":"default","ocean_custom_footer_template":"0","footnotes":"","ocean_post_oembed":"","ocean_post_self_hosted_media":"","ocean_post_video_embed":"","ocean_link_format":"","ocean_link_format_target":"self","ocean_quote_format":"","ocean_quote_format_link":"post","ocean_gallery_link_images":"off","ocean_gallery_id":[]},"categories":[1],"tags":[],"yoast_head":"<!-- This site is optimized with the Yoast SEO plugin v22.3 - https:\/\/yoast.com\/wordpress\/plugins\/seo\/ -->\n<title>Doris Arnold sera \u00e0 Vertical Fit Angoul\u00eame le dimanche 10 avril pour 3 workshops ! - Vertical Fit - Pole dance \u00e0 Saint-Junien 87200<\/title>\n<meta name=\"robots\" content=\"index, follow, max-snippet:-1, max-image-preview:large, max-video-preview:-1\" \/>\n<link rel=\"canonical\" href=\"https:\/\/www.vertical-fit.fr\/en\/blog\/2022\/02\/10\/doris-arnold-sera-a-vertical-fit-angouleme-le-dimanche-10-avril-pour-3-workshops\/\" \/>\n<meta property=\"og:locale\" content=\"en_US\" \/>\n<meta property=\"og:type\" content=\"article\" \/>\n<meta property=\"og:title\" content=\"Doris Arnold sera \u00e0 Vertical Fit Angoul\u00eame le dimanche 10 avril pour 3 workshops ! - Vertical Fit - Pole dance \u00e0 Saint-Junien 87200\" \/>\n<meta property=\"og:description\" content=\"Doris Arnold sera \u00e0 Vertical fit Angoul\u00eame le dimanche 10 avril pour 3 workshops de folie &#x1f648;&#x1f648;&#x1f648;&#x2764;&#xfe0f;&#x2764;&#xfe0f;&#x2764;&#xfe0f; : &#x2b50;&#xfe0f; de 11h30 \u00e0 13h : Acrobatic sexy heels (d\u00e8s le niveau inter)Pr\u00e9pare tes plateformes et tes genouill\u00e8res ! Dans ce WS technique, nous apprendrons des tricks et enchainements acrobatiques ET sexy avec la pole &#x1f525; &#x2b50;&#xfe0f; [&hellip;]\" \/>\n<meta property=\"og:url\" content=\"https:\/\/www.vertical-fit.fr\/en\/blog\/2022\/02\/10\/doris-arnold-sera-a-vertical-fit-angouleme-le-dimanche-10-avril-pour-3-workshops\/\" \/>\n<meta property=\"og:site_name\" content=\"Vertical Fit - Pole dance \u00e0 Saint-Junien 87200\" \/>\n<meta property=\"article:published_time\" content=\"2022-02-10T13:01:36+00:00\" \/>\n<meta property=\"article:modified_time\" content=\"2022-02-24T10:42:39+00:00\" \/>\n<meta property=\"og:image\" content=\"https:\/\/www.vertical-fit.fr\/wp-content\/uploads\/2022\/02\/doris-arnold-angouleme.png\" \/>\n\t<meta property=\"og:image:width\" content=\"1080\" \/>\n\t<meta property=\"og:image:height\" content=\"1080\" \/>\n\t<meta property=\"og:image:type\" content=\"image\/png\" \/>\n<meta name=\"author\" content=\"verticalfit\" \/>\n<meta name=\"twitter:card\" content=\"summary_large_image\" \/>\n<meta name=\"twitter:label1\" content=\"Written by\" \/>\n\t<meta name=\"twitter:data1\" content=\"verticalfit\" \/>\n\t<meta name=\"twitter:label2\" content=\"Est. reading time\" \/>\n\t<meta name=\"twitter:data2\" content=\"2 minutes\" \/>\n<script type=\"application\/ld+json\" class=\"yoast-schema-graph\">{\"@context\":\"https:\/\/schema.org\",\"@graph\":[{\"@type\":\"Article\",\"@id\":\"https:\/\/www.vertical-fit.fr\/blog\/2022\/02\/10\/doris-arnold-sera-a-vertical-fit-angouleme-le-dimanche-10-avril-pour-3-workshops\/#article\",\"isPartOf\":{\"@id\":\"https:\/\/www.vertical-fit.fr\/blog\/2022\/02\/10\/doris-arnold-sera-a-vertical-fit-angouleme-le-dimanche-10-avril-pour-3-workshops\/\"},\"author\":{\"name\":\"verticalfit\",\"@id\":\"https:\/\/www.vertical-fit.fr\/#\/schema\/person\/6385d72cc6722a20201db2cece51f5a2\"},\"headline\":\"Doris Arnold sera \u00e0 Vertical Fit Angoul\u00eame le dimanche 10 avril pour 3 workshops !\",\"datePublished\":\"2022-02-10T13:01:36+00:00\",\"dateModified\":\"2022-02-24T10:42:39+00:00\",\"mainEntityOfPage\":{\"@id\":\"https:\/\/www.vertical-fit.fr\/blog\/2022\/02\/10\/doris-arnold-sera-a-vertical-fit-angouleme-le-dimanche-10-avril-pour-3-workshops\/\"},\"wordCount\":311,\"commentCount\":0,\"publisher\":{\"@id\":\"https:\/\/www.vertical-fit.fr\/#organization\"},\"image\":{\"@id\":\"https:\/\/www.vertical-fit.fr\/blog\/2022\/02\/10\/doris-arnold-sera-a-vertical-fit-angouleme-le-dimanche-10-avril-pour-3-workshops\/#primaryimage\"},\"thumbnailUrl\":\"https:\/\/www.vertical-fit.fr\/wp-content\/uploads\/2022\/02\/doris-arnold-angouleme.png\",\"articleSection\":[\"Non class\u00e9\"],\"inLanguage\":\"en-US\",\"potentialAction\":[{\"@type\":\"CommentAction\",\"name\":\"Comment\",\"target\":[\"https:\/\/www.vertical-fit.fr\/blog\/2022\/02\/10\/doris-arnold-sera-a-vertical-fit-angouleme-le-dimanche-10-avril-pour-3-workshops\/#respond\"]}]},{\"@type\":\"WebPage\",\"@id\":\"https:\/\/www.vertical-fit.fr\/blog\/2022\/02\/10\/doris-arnold-sera-a-vertical-fit-angouleme-le-dimanche-10-avril-pour-3-workshops\/\",\"url\":\"https:\/\/www.vertical-fit.fr\/blog\/2022\/02\/10\/doris-arnold-sera-a-vertical-fit-angouleme-le-dimanche-10-avril-pour-3-workshops\/\",\"name\":\"Doris Arnold sera \u00e0 Vertical Fit Angoul\u00eame le dimanche 10 avril pour 3 workshops ! - Vertical Fit - Pole dance \u00e0 Saint-Junien 87200\",\"isPartOf\":{\"@id\":\"https:\/\/www.vertical-fit.fr\/#website\"},\"primaryImageOfPage\":{\"@id\":\"https:\/\/www.vertical-fit.fr\/blog\/2022\/02\/10\/doris-arnold-sera-a-vertical-fit-angouleme-le-dimanche-10-avril-pour-3-workshops\/#primaryimage\"},\"image\":{\"@id\":\"https:\/\/www.vertical-fit.fr\/blog\/2022\/02\/10\/doris-arnold-sera-a-vertical-fit-angouleme-le-dimanche-10-avril-pour-3-workshops\/#primaryimage\"},\"thumbnailUrl\":\"https:\/\/www.vertical-fit.fr\/wp-content\/uploads\/2022\/02\/doris-arnold-angouleme.png\",\"datePublished\":\"2022-02-10T13:01:36+00:00\",\"dateModified\":\"2022-02-24T10:42:39+00:00\",\"breadcrumb\":{\"@id\":\"https:\/\/www.vertical-fit.fr\/blog\/2022\/02\/10\/doris-arnold-sera-a-vertical-fit-angouleme-le-dimanche-10-avril-pour-3-workshops\/#breadcrumb\"},\"inLanguage\":\"en-US\",\"potentialAction\":[{\"@type\":\"ReadAction\",\"target\":[\"https:\/\/www.vertical-fit.fr\/blog\/2022\/02\/10\/doris-arnold-sera-a-vertical-fit-angouleme-le-dimanche-10-avril-pour-3-workshops\/\"]}]},{\"@type\":\"ImageObject\",\"inLanguage\":\"en-US\",\"@id\":\"https:\/\/www.vertical-fit.fr\/blog\/2022\/02\/10\/doris-arnold-sera-a-vertical-fit-angouleme-le-dimanche-10-avril-pour-3-workshops\/#primaryimage\",\"url\":\"https:\/\/www.vertical-fit.fr\/wp-content\/uploads\/2022\/02\/doris-arnold-angouleme.png\",\"contentUrl\":\"https:\/\/www.vertical-fit.fr\/wp-content\/uploads\/2022\/02\/doris-arnold-angouleme.png\",\"width\":1080,\"height\":1080},{\"@type\":\"BreadcrumbList\",\"@id\":\"https:\/\/www.vertical-fit.fr\/blog\/2022\/02\/10\/doris-arnold-sera-a-vertical-fit-angouleme-le-dimanche-10-avril-pour-3-workshops\/#breadcrumb\",\"itemListElement\":[{\"@type\":\"ListItem\",\"position\":1,\"name\":\"Accueil\",\"item\":\"https:\/\/www.vertical-fit.fr\/\"},{\"@type\":\"ListItem\",\"position\":2,\"name\":\"Doris Arnold sera \u00e0 Vertical Fit Angoul\u00eame le dimanche 10 avril pour 3 workshops !\"}]},{\"@type\":\"WebSite\",\"@id\":\"https:\/\/www.vertical-fit.fr\/#website\",\"url\":\"https:\/\/www.vertical-fit.fr\/\",\"name\":\"Vertical Fit - Pole dance \u00e0 Saint-Junien 87200\",\"description\":\"Pole dance et pole fitness \u00e0 Saint-Junien- r\u00e9gion de Limoges en Haute-Vienne\",\"publisher\":{\"@id\":\"https:\/\/www.vertical-fit.fr\/#organization\"},\"potentialAction\":[{\"@type\":\"SearchAction\",\"target\":{\"@type\":\"EntryPoint\",\"urlTemplate\":\"https:\/\/www.vertical-fit.fr\/?s={search_term_string}\"},\"query-input\":\"required name=search_term_string\"}],\"inLanguage\":\"en-US\"},{\"@type\":\"Organization\",\"@id\":\"https:\/\/www.vertical-fit.fr\/#organization\",\"name\":\"Vertical Fit - Pole dance \u00e0 Saint-Junien 87200\",\"url\":\"https:\/\/www.vertical-fit.fr\/\",\"logo\":{\"@type\":\"ImageObject\",\"inLanguage\":\"en-US\",\"@id\":\"https:\/\/www.vertical-fit.fr\/#\/schema\/logo\/image\/\",\"url\":\"https:\/\/www.vertical-fit.fr\/wp-content\/uploads\/2018\/05\/cropped-logolong-verticalfit-poledance-stjunien.png\",\"contentUrl\":\"https:\/\/www.vertical-fit.fr\/wp-content\/uploads\/2018\/05\/cropped-logolong-verticalfit-poledance-stjunien.png\",\"width\":364,\"height\":75,\"caption\":\"Vertical Fit - Pole dance \u00e0 Saint-Junien 87200\"},\"image\":{\"@id\":\"https:\/\/www.vertical-fit.fr\/#\/schema\/logo\/image\/\"}},{\"@type\":\"Person\",\"@id\":\"https:\/\/www.vertical-fit.fr\/#\/schema\/person\/6385d72cc6722a20201db2cece51f5a2\",\"name\":\"verticalfit\",\"image\":{\"@type\":\"ImageObject\",\"inLanguage\":\"en-US\",\"@id\":\"https:\/\/www.vertical-fit.fr\/#\/schema\/person\/image\/\",\"url\":\"https:\/\/secure.gravatar.com\/avatar\/53ebb03732a24132f7489349b11c2b98?s=96&d=mm&r=g\",\"contentUrl\":\"https:\/\/secure.gravatar.com\/avatar\/53ebb03732a24132f7489349b11c2b98?s=96&d=mm&r=g\",\"caption\":\"verticalfit\"},\"url\":\"https:\/\/www.vertical-fit.fr\/en\/blog\/author\/verticalfit\/\"}]}<\/script>\n<!-- \/ Yoast SEO plugin. -->","yoast_head_json":{"title":"Doris Arnold sera \u00e0 Vertical Fit Angoul\u00eame le dimanche 10 avril pour 3 workshops ! - Vertical Fit - Pole dance \u00e0 Saint-Junien 87200","robots":{"index":"index","follow":"follow","max-snippet":"max-snippet:-1","max-image-preview":"max-image-preview:large","max-video-preview":"max-video-preview:-1"},"canonical":"https:\/\/www.vertical-fit.fr\/en\/blog\/2022\/02\/10\/doris-arnold-sera-a-vertical-fit-angouleme-le-dimanche-10-avril-pour-3-workshops\/","og_locale":"en_US","og_type":"article","og_title":"Doris Arnold sera \u00e0 Vertical Fit Angoul\u00eame le dimanche 10 avril pour 3 workshops ! - Vertical Fit - Pole dance \u00e0 Saint-Junien 87200","og_description":"Doris Arnold sera \u00e0 Vertical fit Angoul\u00eame le dimanche 10 avril pour 3 workshops de folie &#x1f648;&#x1f648;&#x1f648;&#x2764;&#xfe0f;&#x2764;&#xfe0f;&#x2764;&#xfe0f; : &#x2b50;&#xfe0f; de 11h30 \u00e0 13h : Acrobatic sexy heels (d\u00e8s le niveau inter)Pr\u00e9pare tes plateformes et tes genouill\u00e8res ! Dans ce WS technique, nous apprendrons des tricks et enchainements acrobatiques ET sexy avec la pole &#x1f525; &#x2b50;&#xfe0f; [&hellip;]","og_url":"https:\/\/www.vertical-fit.fr\/en\/blog\/2022\/02\/10\/doris-arnold-sera-a-vertical-fit-angouleme-le-dimanche-10-avril-pour-3-workshops\/","og_site_name":"Vertical Fit - Pole dance \u00e0 Saint-Junien 87200","article_published_time":"2022-02-10T13:01:36+00:00","article_modified_time":"2022-02-24T10:42:39+00:00","og_image":[{"width":1080,"height":1080,"url":"https:\/\/www.vertical-fit.fr\/wp-content\/uploads\/2022\/02\/doris-arnold-angouleme.png","type":"image\/png"}],"author":"verticalfit","twitter_card":"summary_large_image","twitter_misc":{"Written by":"verticalfit","Est. reading time":"2 minutes"},"schema":{"@context":"https:\/\/schema.org","@graph":[{"@type":"Article","@id":"https:\/\/www.vertical-fit.fr\/blog\/2022\/02\/10\/doris-arnold-sera-a-vertical-fit-angouleme-le-dimanche-10-avril-pour-3-workshops\/#article","isPartOf":{"@id":"https:\/\/www.vertical-fit.fr\/blog\/2022\/02\/10\/doris-arnold-sera-a-vertical-fit-angouleme-le-dimanche-10-avril-pour-3-workshops\/"},"author":{"name":"verticalfit","@id":"https:\/\/www.vertical-fit.fr\/#\/schema\/person\/6385d72cc6722a20201db2cece51f5a2"},"headline":"Doris Arnold sera \u00e0 Vertical Fit Angoul\u00eame le dimanche 10 avril pour 3 workshops !","datePublished":"2022-02-10T13:01:36+00:00","dateModified":"2022-02-24T10:42:39+00:00","mainEntityOfPage":{"@id":"https:\/\/www.vertical-fit.fr\/blog\/2022\/02\/10\/doris-arnold-sera-a-vertical-fit-angouleme-le-dimanche-10-avril-pour-3-workshops\/"},"wordCount":311,"commentCount":0,"publisher":{"@id":"https:\/\/www.vertical-fit.fr\/#organization"},"image":{"@id":"https:\/\/www.vertical-fit.fr\/blog\/2022\/02\/10\/doris-arnold-sera-a-vertical-fit-angouleme-le-dimanche-10-avril-pour-3-workshops\/#primaryimage"},"thumbnailUrl":"https:\/\/www.vertical-fit.fr\/wp-content\/uploads\/2022\/02\/doris-arnold-angouleme.png","articleSection":["Non class\u00e9"],"inLanguage":"en-US","potentialAction":[{"@type":"CommentAction","name":"Comment","target":["https:\/\/www.vertical-fit.fr\/blog\/2022\/02\/10\/doris-arnold-sera-a-vertical-fit-angouleme-le-dimanche-10-avril-pour-3-workshops\/#respond"]}]},{"@type":"WebPage","@id":"https:\/\/www.vertical-fit.fr\/blog\/2022\/02\/10\/doris-arnold-sera-a-vertical-fit-angouleme-le-dimanche-10-avril-pour-3-workshops\/","url":"https:\/\/www.vertical-fit.fr\/blog\/2022\/02\/10\/doris-arnold-sera-a-vertical-fit-angouleme-le-dimanche-10-avril-pour-3-workshops\/","name":"Doris Arnold sera \u00e0 Vertical Fit Angoul\u00eame le dimanche 10 avril pour 3 workshops ! - Vertical Fit - Pole dance \u00e0 Saint-Junien 87200","isPartOf":{"@id":"https:\/\/www.vertical-fit.fr\/#website"},"primaryImageOfPage":{"@id":"https:\/\/www.vertical-fit.fr\/blog\/2022\/02\/10\/doris-arnold-sera-a-vertical-fit-angouleme-le-dimanche-10-avril-pour-3-workshops\/#primaryimage"},"image":{"@id":"https:\/\/www.vertical-fit.fr\/blog\/2022\/02\/10\/doris-arnold-sera-a-vertical-fit-angouleme-le-dimanche-10-avril-pour-3-workshops\/#primaryimage"},"thumbnailUrl":"https:\/\/www.vertical-fit.fr\/wp-content\/uploads\/2022\/02\/doris-arnold-angouleme.png","datePublished":"2022-02-10T13:01:36+00:00","dateModified":"2022-02-24T10:42:39+00:00","breadcrumb":{"@id":"https:\/\/www.vertical-fit.fr\/blog\/2022\/02\/10\/doris-arnold-sera-a-vertical-fit-angouleme-le-dimanche-10-avril-pour-3-workshops\/#breadcrumb"},"inLanguage":"en-US","potentialAction":[{"@type":"ReadAction","target":["https:\/\/www.vertical-fit.fr\/blog\/2022\/02\/10\/doris-arnold-sera-a-vertical-fit-angouleme-le-dimanche-10-avril-pour-3-workshops\/"]}]},{"@type":"ImageObject","inLanguage":"en-US","@id":"https:\/\/www.vertical-fit.fr\/blog\/2022\/02\/10\/doris-arnold-sera-a-vertical-fit-angouleme-le-dimanche-10-avril-pour-3-workshops\/#primaryimage","url":"https:\/\/www.vertical-fit.fr\/wp-content\/uploads\/2022\/02\/doris-arnold-angouleme.png","contentUrl":"https:\/\/www.vertical-fit.fr\/wp-content\/uploads\/2022\/02\/doris-arnold-angouleme.png","width":1080,"height":1080},{"@type":"BreadcrumbList","@id":"https:\/\/www.vertical-fit.fr\/blog\/2022\/02\/10\/doris-arnold-sera-a-vertical-fit-angouleme-le-dimanche-10-avril-pour-3-workshops\/#breadcrumb","itemListElement":[{"@type":"ListItem","position":1,"name":"Accueil","item":"https:\/\/www.vertical-fit.fr\/"},{"@type":"ListItem","position":2,"name":"Doris Arnold sera \u00e0 Vertical Fit Angoul\u00eame le dimanche 10 avril pour 3 workshops !"}]},{"@type":"WebSite","@id":"https:\/\/www.vertical-fit.fr\/#website","url":"https:\/\/www.vertical-fit.fr\/","name":"Vertical Fit - Pole dance \u00e0 Saint-Junien 87200","description":"Pole dance et pole fitness \u00e0 Saint-Junien- r\u00e9gion de Limoges en Haute-Vienne","publisher":{"@id":"https:\/\/www.vertical-fit.fr\/#organization"},"potentialAction":[{"@type":"SearchAction","target":{"@type":"EntryPoint","urlTemplate":"https:\/\/www.vertical-fit.fr\/?s={search_term_string}"},"query-input":"required name=search_term_string"}],"inLanguage":"en-US"},{"@type":"Organization","@id":"https:\/\/www.vertical-fit.fr\/#organization","name":"Vertical Fit - Pole dance \u00e0 Saint-Junien 87200","url":"https:\/\/www.vertical-fit.fr\/","logo":{"@type":"ImageObject","inLanguage":"en-US","@id":"https:\/\/www.vertical-fit.fr\/#\/schema\/logo\/image\/","url":"https:\/\/www.vertical-fit.fr\/wp-content\/uploads\/2018\/05\/cropped-logolong-verticalfit-poledance-stjunien.png","contentUrl":"https:\/\/www.vertical-fit.fr\/wp-content\/uploads\/2018\/05\/cropped-logolong-verticalfit-poledance-stjunien.png","width":364,"height":75,"caption":"Vertical Fit - Pole dance \u00e0 Saint-Junien 87200"},"image":{"@id":"https:\/\/www.vertical-fit.fr\/#\/schema\/logo\/image\/"}},{"@type":"Person","@id":"https:\/\/www.vertical-fit.fr\/#\/schema\/person\/6385d72cc6722a20201db2cece51f5a2","name":"verticalfit","image":{"@type":"ImageObject","inLanguage":"en-US","@id":"https:\/\/www.vertical-fit.fr\/#\/schema\/person\/image\/","url":"https:\/\/secure.gravatar.com\/avatar\/53ebb03732a24132f7489349b11c2b98?s=96&d=mm&r=g","contentUrl":"https:\/\/secure.gravatar.com\/avatar\/53ebb03732a24132f7489349b11c2b98?s=96&d=mm&r=g","caption":"verticalfit"},"url":"https:\/\/www.vertical-fit.fr\/en\/blog\/author\/verticalfit\/"}]}},"_links":{"self":[{"href":"https:\/\/www.vertical-fit.fr\/en\/wp-json\/wp\/v2\/posts\/640"}],"collection":[{"href":"https:\/\/www.vertical-fit.fr\/en\/wp-json\/wp\/v2\/posts"}],"about":[{"href":"https:\/\/www.vertical-fit.fr\/en\/wp-json\/wp\/v2\/types\/post"}],"author":[{"embeddable":true,"href":"https:\/\/www.vertical-fit.fr\/en\/wp-json\/wp\/v2\/users\/1"}],"replies":[{"embeddable":true,"href":"https:\/\/www.vertical-fit.fr\/en\/wp-json\/wp\/v2\/comments?post=640"}],"version-history":[{"count":1,"href":"https:\/\/www.vertical-fit.fr\/en\/wp-json\/wp\/v2\/posts\/640\/revisions"}],"predecessor-version":[{"id":642,"href":"https:\/\/www.vertical-fit.fr\/en\/wp-json\/wp\/v2\/posts\/640\/revisions\/642"}],"wp:featuredmedia":[{"embeddable":true,"href":"https:\/\/www.vertical-fit.fr\/en\/wp-json\/wp\/v2\/media\/641"}],"wp:attachment":[{"href":"https:\/\/www.vertical-fit.fr\/en\/wp-json\/wp\/v2\/media?parent=640"}],"wp:term":[{"taxonomy":"category","embeddable":true,"href":"https:\/\/www.vertical-fit.fr\/en\/wp-json\/wp\/v2\/categories?post=640"},{"taxonomy":"post_tag","embeddable":true,"href":"https:\/\/www.vertical-fit.fr\/en\/wp-json\/wp\/v2\/tags?post=640"}],"curies":[{"name":"wp","href":"https:\/\/api.w.org\/{rel}","templated":true}]}}